{"id":6418,"global_id":"www.faluspelmanslag.se?id=6418","global_id_lineage":["www.faluspelmanslag.se?id=6418"],"author":"211","status":"publish","date":"2026-02-04 15:25:05","date_utc":"2026-02-04 13:25:05","modified":"2026-02-11 21:32:51","modified_utc":"2026-02-11 19:32:51","url":"https:\/\/www.faluspelmanslag.se\/?tribe_events=ovning-stefansgarden-23","rest_url":"https:\/\/www.faluspelmanslag.se\/index.php?rest_route=\/tribe\/events\/v1\/events\/6418","title":"\u00d6vning Stefansg\u00e5rden  Tema: Tidigare g\u00e4stl\u00e4rare","description":"<p>Vi spelar l\u00e5tarna som Thomas von Wachenfeldt och Jonas Brandin l\u00e4rt ut.<\/p>\n<p>Thomas:<br \/>\n<a href=\"https:\/\/www.faluspelmanslag.se\/wp-content\/uploads\/2025\/04\/Polska-e-Sammels-Jon-Erik.m4a\">Polska efter Sammels Jon-Erik Kvick<\/a>&nbsp;(nr 9 i Thomas bok) ===&gt;<a href=\"https:\/\/open.spotify.com\/track\/79FrI2u6Jbue38cI0UltSo?si=a685f6d1f718495a\">Spotify<\/a>&nbsp;==&gt;<a href=\"https:\/\/www.faluspelmanslag.se\/wp-content\/uploads\/2025\/04\/IMG_0275-scaled.jpeg\">Noter<\/a><br data-rich-text-line-break=\"true\"><a href=\"https:\/\/www.faluspelmanslag.se\/wp-content\/uploads\/2025\/04\/Kringpolska-i-d-moll.m4a\">Kringpolska i d-mol<\/a>l efter \u201dBryggarn\u201d (nr 6 i Thomas bok) ===&gt;<a href=\"https:\/\/open.spotify.com\/track\/011ndYOJRzJoWaKpEMPioT?si=acd7006058ae4942\">Spotify<\/a>&nbsp;==&gt;<a href=\"https:\/\/www.faluspelmanslag.se\/wp-content\/uploads\/2025\/04\/IMG_0276-scaled.jpeg\">Noter<\/a><br data-rich-text-line-break=\"true\"><a href=\"https:\/\/www.faluspelmanslag.se\/wp-content\/uploads\/2025\/04\/Krakbacken.m4a\">Kr\u00e5kb\u00e4cken<\/a>&nbsp;efter Edvard Str\u00f6m (nr 14a i Thomas bok) ====&gt;<a href=\"https:\/\/open.spotify.com\/track\/6ZKF0K4k4qu40Ij9SHmIEv?si=7d42ae773ecd45a6\">Spotify<\/a>&nbsp;<\/p>\n<p>Jonas Brandin:&nbsp;<br \/>\n<a href=\"https:\/\/faluspelmanslag.se\/wp-content\/uploads\/2025\/10\/Polska-e-Jonas-Dahl.mp3\">Polska efter Dahl Jonas efter Hansollas Hans<\/a><br \/>\n<a href=\"https:\/\/faluspelmanslag.se\/wp-content\/uploads\/2025\/10\/Slovagubben.mp3\">Sl\u00f6vagubbens polska<\/a><\/p>","excerpt":"","slug":"ovning-stefansgarden-23","image":false,"all_day":false,"start_date":"2026-02-12 18:30:00","start_date_details":{"year":"2026","month":"02","day":"12","hour":"18","minutes":"30","seconds":"00"},"end_date":"2026-02-12 21:30:00","end_date_details":{"year":"2026","month":"02","day":"12","hour":"21","minutes":"30","seconds":"00"},"utc_start_date":"2026-02-12 16:30:00","utc_start_date_details":{"year":"2026","month":"02","day":"12","hour":"16","minutes":"30","seconds":"00"},"utc_end_date":"2026-02-12 19:30:00","utc_end_date_details":{"year":"2026","month":"02","day":"12","hour":"19","minutes":"30","seconds":"00"},"timezone":"UTC+2","timezone_abbr":"UTC+2","cost":"","cost_details":{"currency_symbol":"$","currency_code":"USD","currency_position":"prefix","values":[]},"website":"","show_map":true,"show_map_link":true,"hide_from_listings":false,"sticky":false,"featured":false,"categories":[],"tags":[],"venue":[],"organizer":[],"custom_fields":[],"json_ld":{"@context":"http:\/\/schema.org","@type":"Event","name":"\u00d6vning Stefansg\u00e5rden  Tema: Tidigare g\u00e4stl\u00e4rare","description":"&lt;p&gt;Vi spelar l\u00e5tarna som Thomas von Wachenfeldt och Jonas Brandin l\u00e4rt ut. Thomas: Polska efter Sammels Jon-Erik Kvick&nbsp;(nr 9 i Thomas bok) ===&gt;Spotify&nbsp;==&gt;NoterKringpolska i d-moll efter \u201dBryggarn\u201d (nr 6 i &hellip; &lt;a href=&quot;https:\/\/www.faluspelmanslag.se\/?tribe_events=ovning-stefansgarden-23&quot; class=&quot;more-link&quot;&gt;Forts\u00e4tt l\u00e4sa &lt;span class=&quot;screen-reader-text&quot;&gt;\u00d6vning Stefansg\u00e5rden  Tema: Tidigare g\u00e4stl\u00e4rare&lt;\/span&gt; &lt;span class=&quot;meta-nav&quot;&gt;&rarr;&lt;\/span&gt;&lt;\/a&gt;&lt;\/p&gt;\\n","url":"https:\/\/www.faluspelmanslag.se\/?tribe_events=ovning-stefansgarden-23","eventAttendanceMode":"https:\/\/schema.org\/OfflineEventAttendanceMode","eventStatus":"https:\/\/schema.org\/EventScheduled","startDate":"2026-02-12T18:30:00+02:00","endDate":"2026-02-12T21:30:00+02:00","performer":"Organization"}}