{"id":6458,"global_id":"www.faluspelmanslag.se?id=6458","global_id_lineage":["www.faluspelmanslag.se?id=6458"],"author":"211","status":"publish","date":"2026-02-13 11:30:20","date_utc":"2026-02-13 09:30:20","modified":"2026-04-07 20:04:35","modified_utc":"2026-04-07 18:04:35","url":"https:\/\/www.faluspelmanslag.se\/?tribe_events=ovning-stefansgarden-tema-konsertprogrammet-juni","rest_url":"https:\/\/www.faluspelmanslag.se\/index.php?rest_route=\/tribe\/events\/v1\/events\/6458","title":"\u00d6vning Stefansg\u00e5rden. Tema: Konsertprogrammet juni, Sn\u00f6\u00e5 samt rep J\u00e4mtland","description":"<p>Vi \u00f6var p\u00e5 n\u00e5gra av de l\u00e5tar som vi kommer att ha med p\u00e5 Zorn-konserten i juni. Vi tar \u00e4ven upp de tv\u00e5 l\u00e5tar som \u00d6rebroarna l\u00e4rde ut i Sn\u00f6\u00e5 f\u00f6rra \u00e5ret samt repeterar j\u00e4mtl\u00e5tarna som Lasse l\u00e4rde ut dvs Grelson 2 och Per Myhr.<\/p>\n<p>Zorn-konsertl\u00e5tar att repetera: Stor-Matts Skifva, Gammal Falupolska, Vika 124&nbsp;<\/p>\n<p>Sn\u00f6\u00e5l\u00e5tarna:<\/p>\n<p><a href=\"https:\/\/www.faluspelmanslag.se\/wp-content\/uploads\/2025\/11\/Polska-efter-Per-Erik-Ohlsson-SvL-210.m4a\" data-type=\"attachment\" data-id=\"6336\">Polska efter Per Erik Ohlsson S vL N\u00e4rke210<\/a><br \/>\n<a href=\"https:\/\/www.faluspelmanslag.se\/wp-content\/uploads\/2025\/11\/Polska-efter-C-V-Rulin-SvL-nr-162.m4a\">Polska efter C V Rulin SvL N\u00e4rke nr 162<\/a><\/p>","excerpt":"","slug":"ovning-stefansgarden-tema-konsertprogrammet-juni","image":false,"all_day":false,"start_date":"2026-04-09 18:30:00","start_date_details":{"year":"2026","month":"04","day":"09","hour":"18","minutes":"30","seconds":"00"},"end_date":"2026-04-09 21:30:00","end_date_details":{"year":"2026","month":"04","day":"09","hour":"21","minutes":"30","seconds":"00"},"utc_start_date":"2026-04-09 15:30:00","utc_start_date_details":{"year":"2026","month":"04","day":"09","hour":"15","minutes":"30","seconds":"00"},"utc_end_date":"2026-04-09 18:30:00","utc_end_date_details":{"year":"2026","month":"04","day":"09","hour":"18","minutes":"30","seconds":"00"},"timezone":"UTC+2","timezone_abbr":"UTC+2","cost":"","cost_details":{"currency_symbol":"$","currency_code":"USD","currency_position":"prefix","values":[]},"website":"","show_map":true,"show_map_link":true,"hide_from_listings":false,"sticky":false,"featured":false,"categories":[],"tags":[],"venue":[],"organizer":[],"custom_fields":[],"json_ld":{"@context":"http:\/\/schema.org","@type":"Event","name":"\u00d6vning Stefansg\u00e5rden. Tema: Konsertprogrammet juni, Sn\u00f6\u00e5 samt rep J\u00e4mtland","description":"&lt;p&gt;Vi \u00f6var p\u00e5 n\u00e5gra av de l\u00e5tar som vi kommer att ha med p\u00e5 Zorn-konserten i juni. Vi tar \u00e4ven upp de tv\u00e5 l\u00e5tar som \u00d6rebroarna l\u00e4rde ut i Sn\u00f6\u00e5 &hellip; &lt;a href=&quot;https:\/\/www.faluspelmanslag.se\/?tribe_events=ovning-stefansgarden-tema-konsertprogrammet-juni&quot; class=&quot;more-link&quot;&gt;Forts\u00e4tt l\u00e4sa &lt;span class=&quot;screen-reader-text&quot;&gt;\u00d6vning Stefansg\u00e5rden. Tema: Konsertprogrammet juni, Sn\u00f6\u00e5 samt rep J\u00e4mtland&lt;\/span&gt; &lt;span class=&quot;meta-nav&quot;&gt;&rarr;&lt;\/span&gt;&lt;\/a&gt;&lt;\/p&gt;\\n","url":"https:\/\/www.faluspelmanslag.se\/?tribe_events=ovning-stefansgarden-tema-konsertprogrammet-juni","eventAttendanceMode":"https:\/\/schema.org\/OfflineEventAttendanceMode","eventStatus":"https:\/\/schema.org\/EventScheduled","startDate":"2026-04-09T18:30:00+02:00","endDate":"2026-04-09T21:30:00+02:00","performer":"Organization"}}